{"id":24921,"date":"2023-11-07T09:27:45","date_gmt":"2023-11-07T12:27:45","guid":{"rendered":"https:\/\/sharkfreeapp.com\/?p=24921"},"modified":"2023-11-07T09:27:45","modified_gmt":"2023-11-07T12:27:45","slug":"sexta-feira-13-a-origem-da-lenda","status":"publish","type":"post","link":"https:\/\/sharkfreeapp.com\/de\/sexta-feira-13-a-origem-da-lenda\/","title":{"rendered":"Freitag, der 13.: Die Geschichte hinter dem Aberglauben"},"content":{"rendered":"<p>Obwohl das in diesem Artikel vorgestellte Bild eine satirische Neuinterpretation des ber\u00fchmten B\u00f6sewichts Jason Voorhees, der Hauptfigur der Filmsaga \u201eFreitag der 13\u201c, darstellt, hat es keinen Bezug zum wahren Ursprung dieser urbanen Legende. Tats\u00e4chlich ist die Geschichte dahinter viel \u00e4lter, als Sie vielleicht denken.<\/p>\n\n\n\n<p>Allerdings l\u00e4sst sich seine Bedeutung in der modernen Vorstellung nicht leugnen: Viele Jahre lang war das Franchise an den Kinokassen das erfolgreichste, wenn es um Horror- und Suspensefilme ging. Dank des Killers in der Hockeymaske ist es immer noch lebendig und stark \u2013 vor allem bei den Kleinen und Esoterikern.<\/p>\n\n\n\n<figure class=\"wp-block-image size-large\"><img loading=\"lazy\" decoding=\"async\" width=\"1024\" height=\"683\" src=\"http:\/\/sharkfreeapp.com\/wp-content\/uploads\/sites\/99\/2023\/11\/13-1024x683.png\" alt=\"\" class=\"wp-image-24923\" srcset=\"https:\/\/sharkfreeapp.com\/wp-content\/uploads\/sites\/99\/2023\/11\/13-1024x683.png 1024w, https:\/\/sharkfreeapp.com\/wp-content\/uploads\/sites\/99\/2023\/11\/13-300x200.png 300w, https:\/\/sharkfreeapp.com\/wp-content\/uploads\/sites\/99\/2023\/11\/13-768x512.png 768w, https:\/\/sharkfreeapp.com\/wp-content\/uploads\/sites\/99\/2023\/11\/13.png 1200w\" sizes=\"(max-width: 1024px) 100vw, 1024px\" \/><\/figure>\n\n\n\n<h2 class=\"wp-block-heading\"><strong>Die Geschichte hinter \u201eFreitag der 13.\u201c<\/strong><\/h2>\n\n\n\n<p>Um zu verstehen, wie alles funktioniert, ist es wichtig darauf hinzuweisen, dass es verschiedene Standpunkte gibt, die die Annahme erkl\u00e4ren (oder verst\u00e4rken), dass das betreffende Datum eine Art \u201eschlechtes Omen\u201c w\u00e4re.<\/p>\n\n\n\n<p>Es gibt keinen genauen und dokumentierten Ursprung von \u201eFreitag, dem 13.\u201c, aber einige Theorien dar\u00fcber leiten seit Jahrtausenden die popul\u00e4re Vorstellung.<\/p>\n\n\n\n<h3 class=\"wp-block-heading\">Literatur und Kino<\/h3>\n\n\n\n<p>Die in der Welt der siebten Kunst verewigte Saga \u201eFreitag der 13.\u201c wurde von dem gleichnamigen Buch von Thomas Lawson aus dem Jahr 1907 inspiriert. Der M\u00f6rder suchte immer an diesem Tag nach seinen Opfern.<\/p>\n\n\n\n<p>Es stellt sich heraus, dass dieses Datum bereits lange vor der Ver\u00f6ffentlichung von Lawsons Werk in Verbindung gebracht wurde. Die Legende k\u00f6nnte ihren Ursprung in der Antike haben.<\/p>\n\n\n\n<h3 class=\"wp-block-heading\">R\u00f6mische Mythologie<\/h3>\n\n\n\n<p>Nach der r\u00f6mischen Theologie wurde die Zahl 12 mit g\u00f6ttlicher Vollkommenheit in Verbindung gebracht. Andererseits w\u00fcrde die 13 den Bruch dieser Vollkommenheit symbolisieren. Die zum Tode Verurteilten wurden vorzugsweise an diesem Tag hingerichtet. Aus diesem Grund war es mit Zerst\u00f6rung und Leid verbunden.<\/p>\n\n\n\n<p>Daher wurde der 13. von den R\u00f6mern missbilligt, da er keine g\u00fcnstige Zeit f\u00fcr gute Dinge war.<\/p>\n\n\n\n<h3 class=\"wp-block-heading\">Nordische Mythologie<\/h3>\n\n\n\n<p>Odin, der im nordischen Pantheon als Allvater gilt, veranstaltete ein Bankett mit zw\u00f6lf anderen Gottheiten. Es stellt sich heraus, dass Loki, der Gott der Zwietracht und des Betrugs, uneingeladen an der Veranstaltung teilnahm; Balder, einer der Anwesenden, wurde w\u00e4hrend der von Loki organisierten Streikposten ermordet.<\/p>\n\n\n\n<p>Dank dieses bedauerlichen Ereignisses wurde ein Tag, der eigentlich ein Symbol des Feierns sein sollte, zum Synonym f\u00fcr Intrige, Verwirrung und Tod. Die Nordm\u00e4nner waren sehr religi\u00f6s und waren am Vorabend dieses Datums sicherlich besorgt.<\/p>\n\n\n\n<h3 class=\"wp-block-heading\">Bibel<\/h3>\n\n\n\n<p>Auch das christliche Universum s\u00e4t Zwietracht wegen Freitag, dem 13.: Beim letzten Abendmahl Jesu waren 13 Menschen anwesend \u2013 unter ihnen Judas Iskariot, der angeblich den Messias dem r\u00f6mischen Milit\u00e4r \u00fcbergab.<\/p>\n\n\n\n<p>Dar\u00fcber hinaus wird die Zahl 12 auch im Christentum \u2013 sowie im r\u00f6mischen polytheistischen Pantheon \u2013 mit Vollkommenheit in Verbindung gebracht. Und das letzte Buch der Bibel (Offenbarung) kommentiert das Ende der Welt im Buch\u2026 13.<\/p>\n\n\n\n<p>Das Tier, auch bekannt als Antichrist, w\u00fcrde die Zerst\u00f6rung der Erde herbeif\u00fchren. Schlie\u00dflich gibt es eine von einigen religi\u00f6sen Menschen vertretene Theorie, dass Kain Abel am Freitag, dem 13., get\u00f6tet habe.<\/p>\n\n\n\n<h3 class=\"wp-block-heading\">Frankreich (Mittelalter)<\/h3>\n\n\n\n<p>K\u00f6nig Felipe IV. geriet ins Visier der Kirche, was seine Machtgier bedrohte. Er versuchte, sich den Tempelrittern anzuschlie\u00dfen, jedoch ohne Erfolg. All dies geschah am 13. Oktober 1307 \u2013 oder, wenn Sie so wollen, am Freitag, dem 13.<\/p>\n\n\n\n<p>Aufgrund dieses Ereignisses, das f\u00fcr die Verfolgung des K\u00f6nigs bekannt ist, wurden die Franzosen hinsichtlich des Datums vorsichtig.<\/p>\n\n\n\n<p><strong>Lesen Sie auch: <a href=\"https:\/\/sharkfreeapp.com\/de\/cinema-conheca-6-apps-mobile\/\" target=\"_blank\" rel=\"noreferrer noopener\">Filmliebhaber m\u00fcssen diese 6 mobilen Apps kennen \u2013 SharkFreeApp<\/a><\/strong><\/p>\n\n\n\n<h2 class=\"wp-block-heading\"><strong>Einige Aberglauben beziehen sich auf Freitag, den 13<\/strong><\/h2>\n\n\n\n<p>Es ist ziemlich merkw\u00fcrdig zu wissen, dass diese urbane Legende nicht wegen Hollywood-Filmen geboren wurde, nicht wahr? Auch heute noch glauben viele Menschen an bestimmte Aberglauben, wie zum Beispiel:<\/p>\n\n\n\n<ul>\n<li>Brechen Sie an diesem Tag die Spiegel.<\/li>\n\n\n\n<li>Am Freitag, dem 13., eine schwarze Katze finden;<\/li>\n\n\n\n<li>Starten Sie neue Projekte oder starten Sie Reisen zum \u201everfluchten Datum\u201c;<\/li>\n\n\n\n<li>Platzieren der Zahl \u201e13\u201c auf einem Restauranttisch.<\/li>\n<\/ul>\n\n\n\n<figure class=\"wp-block-image size-large\"><img loading=\"lazy\" decoding=\"async\" width=\"1024\" height=\"683\" src=\"http:\/\/sharkfreeapp.com\/wp-content\/uploads\/sites\/99\/2023\/11\/1302-1024x683.png\" alt=\"\" class=\"wp-image-24924\" srcset=\"https:\/\/sharkfreeapp.com\/wp-content\/uploads\/sites\/99\/2023\/11\/1302-1024x683.png 1024w, https:\/\/sharkfreeapp.com\/wp-content\/uploads\/sites\/99\/2023\/11\/1302-300x200.png 300w, https:\/\/sharkfreeapp.com\/wp-content\/uploads\/sites\/99\/2023\/11\/1302-768x512.png 768w, https:\/\/sharkfreeapp.com\/wp-content\/uploads\/sites\/99\/2023\/11\/1302.png 1200w\" sizes=\"(max-width: 1024px) 100vw, 1024px\" \/><\/figure>\n\n\n\n<h2 class=\"wp-block-heading\"><strong>Wird die Zahl \u201e13\u201c immer mit schlechten Dingen in Verbindung gebracht?<\/strong><\/h2>\n\n\n\n<p>NEIN! Tats\u00e4chlich wird die Zahl in manchen Glaubensrichtungen mit etwas Positivem und nicht potenziell Gef\u00e4hrlichem in Verbindung gebracht.<\/p>\n\n\n\n<p>Laut chinesischer Numerologie wird die Zahl 13 direkt mit Gl\u00fcck und Gl\u00fcck in Verbindung gebracht. Das Gleiche geschah bei den Kelten, die es als Symbol f\u00fcr \u201eReife und Transformation\u201c betrachteten.<\/p>\n\n\n\n<h2 class=\"wp-block-heading\"><strong>Wissenswertes \u00fcber Freitag, den 13<\/strong><\/h2>\n\n\n\n<ol type=\"1\">\n<li>Zweite <a href=\"https:\/\/www.bbc.com\/portuguese\/curiosidades-63961009\" target=\"_blank\" rel=\"noreferrer noopener\">Studie<\/a> Hergestellt von Otis, einem ber\u00fchmten Aufzugshersteller, \u201espringen\u201c f\u00fcr jedes Geb\u00e4ude mit einem 13. Stock sechs weitere direkt in den 14. Stock.<\/li>\n\n\n\n<li>Es gibt einen Namen, um die Abneigung gegen die Zahl 13 zu definieren: Triskaidekaphobie.<\/li>\n\n\n\n<li>Die Zahl \u201e4\u201c assoziieren die Chinesen mit dem Tod; Aus diesem Grund vermeiden einige von ihnen an diesem Tag bestimmte Aktivit\u00e4ten \u2013 insbesondere die riskanteren.<\/li>\n\n\n\n<li>Psychologen assoziieren Abneigung gegen Freitag, den 13., mit einem Gef\u00fchl der \u201eAnomalie\u201c. Einer der Gr\u00fcnde daf\u00fcr ist das Aufbrechen von Zahlenmustern: Beispielsweise gibt es keinen 13. Monat im Jahr.<\/li>\n\n\n\n<li>Studien zeigen, dass 10% der US-Bev\u00f6lkerung (rund 40 Millionen Menschen) das Datum als etwas Gef\u00e4hrliches und Negatives betrachten.<\/li>\n<\/ol>\n\n\n\n<h2 class=\"wp-block-heading\"><strong>Was ist Ihre Meinung zu \u201eFreitag, der 13.\u201c?<\/strong><\/h2>\n\n\n\n<p>Es gibt mehrere m\u00f6gliche Erkl\u00e4rungen f\u00fcr dieses Datum und auch heute noch sehen mehrere Menschen es als etwas Gutes oder Schlechtes an. In manchen F\u00e4llen ist es ihnen sogar egal \u2013 und man kann sie nicht daf\u00fcr verurteilen. Schlie\u00dflich gibt es keinen wissenschaftlichen Beweis daf\u00fcr, dass Freitag, der 13., irgendeinen objektiven Zusammenhang mit positiven (oder negativen) Ereignissen im Universum hat.<\/p>\n\n\n\n<p>F\u00fcr manche Menschen kann dieser Glaube jedoch eine Quelle des Trostes und der Motivation sein: Daran ist nichts auszusetzen. Vorausgesetzt nat\u00fcrlich, dass Ihr Glaube keine Hindernisse in Ihrem Berufs- und\/oder Privatleben mit sich bringt.<\/p>\n\n\n\n<p>Dar\u00fcber hinaus besteht kein Konsens \u00fcber den Wochentag: In Griechenland und mehreren spanischsprachigen L\u00e4ndern wird Angst nicht mit Freitag, dem 13., sondern mit Dienstag, dem 13., in Verbindung gebracht. In Italien gilt Freitag, der 17., als Gl\u00fcckstag .<\/p>\n\n\n\n<p>Stellen Sie sich vor, Sie h\u00e4tten am Freitag, den 13., einen Autounfall gehabt: Sie werden sicherlich beeindruckte Kommentare erhalten \u2013 viel mehr wegen des Datums als wegen des Unfalls. Und es wird wahrscheinlich viele Menschen geben, die zumindest neugierig auf den \u201eZufall\u201c sein werden.<\/p>\n\n\n\n<p>Und Sie \u2013 glauben Sie, dass Freitag, der 13., etwas Besonderes f\u00fcr das Leben der Menschen darstellt? Oder ist es nur ein weiterer Tag im Kalender? Hinterlassen Sie Ihre Meinung in den Kommentaren: Faszinierende Themen bringen oft ebenso unglaubliche Kommentare mit sich!<\/p>","protected":false},"excerpt":{"rendered":"<p>Apesar de a imagem em destaque deste artigo ilustrar uma releitura sat\u00edrica do famoso vil\u00e3o Jason Voorhees, personagem principal da [&hellip;]<\/p>","protected":false},"author":0,"featured_media":24925,"comment_status":"open","ping_status":"open","sticky":false,"template":"","format":"standard","meta":{"_uag_custom_page_level_css":"","site-sidebar-layout":"default","site-content-layout":"","ast-site-content-layout":"","site-content-style":"default","site-sidebar-style":"default","ast-global-header-display":"","ast-banner-title-visibility":"","ast-main-header-display":"","ast-hfb-above-header-display":"","ast-hfb-below-header-display":"","ast-hfb-mobile-header-display":"","site-post-title":"","ast-breadcrumbs-content":"","ast-featured-img":"","footer-sml-layout":"","theme-transparent-header-meta":"","adv-header-id-meta":"","stick-header-meta":"","header-above-stick-meta":"","header-main-stick-meta":"","header-below-stick-meta":"","astra-migrate-meta-layouts":"default","ast-page-background-enabled":"default","ast-page-background-meta":{"desktop":{"background-color":"var(--ast-global-color-4)","background-image":"","background-repeat":"repeat","background-position":"center center","background-size":"auto","background-attachment":"scroll","background-type":"","background-media":"","overlay-type":"","overlay-color":"","overlay-opacity":"","overlay-gradient":""},"tablet":{"background-color":"","background-image":"","background-repeat":"repeat","background-position":"center center","background-size":"auto","background-attachment":"scroll","background-type":"","background-media":"","overlay-type":"","overlay-color":"","overlay-opacity":"","overlay-gradient":""},"mobile":{"background-color":"","background-image":"","background-repeat":"repeat","background-position":"center center","background-size":"auto","background-attachment":"scroll","background-type":"","background-media":"","overlay-type":"","overlay-color":"","overlay-opacity":"","overlay-gradient":""}},"ast-content-background-meta":{"desktop":{"background-color":"var(--ast-global-color-5)","background-image":"","background-repeat":"repeat","background-position":"center center","background-size":"auto","background-attachment":"scroll","background-type":"","background-media":"","overlay-type":"","overlay-color":"","overlay-opacity":"","overlay-gradient":""},"tablet":{"background-color":"var(--ast-global-color-5)","background-image":"","background-repeat":"repeat","background-position":"center center","background-size":"auto","background-attachment":"scroll","background-type":"","background-media":"","overlay-type":"","overlay-color":"","overlay-opacity":"","overlay-gradient":""},"mobile":{"background-color":"var(--ast-global-color-5)","background-image":"","background-repeat":"repeat","background-position":"center center","background-size":"auto","background-attachment":"scroll","background-type":"","background-media":"","overlay-type":"","overlay-color":"","overlay-opacity":"","overlay-gradient":""}},"footnotes":""},"categories":[3],"tags":[],"yoast_head":"<!-- This site is optimized with the Yoast SEO Premium plugin v18.7 (Yoast SEO v23.3) - https:\/\/yoast.com\/wordpress\/plugins\/seo\/ -->\n<title>Sexta-feira 13: A hist\u00f3ria por tr\u00e1s das supersti\u00e7\u00f5es - Shark Free App<\/title>\n<meta name=\"description\" content=\"N\u00e3o se esque\u00e7a de acender as luzes e olhar debaixo da cama antes de ler este artigo. Nunca se sabe o que est\u00e1 por perto...\" \/>\n<meta name=\"robots\" content=\"index, follow, max-snippet:-1, max-image-preview:large, max-video-preview:-1\" \/>\n<link rel=\"canonical\" href=\"https:\/\/sharkfreeapp.com\/de\/sexta-feira-13-a-origem-da-lenda\/\" \/>\n<meta property=\"og:locale\" content=\"de_DE\" \/>\n<meta property=\"og:type\" content=\"article\" \/>\n<meta property=\"og:title\" content=\"Sexta-feira 13: A hist\u00f3ria por tr\u00e1s das supersti\u00e7\u00f5es\" \/>\n<meta property=\"og:description\" content=\"N\u00e3o se esque\u00e7a de acender as luzes e olhar debaixo da cama antes de ler este artigo. Nunca se sabe o que est\u00e1 por perto...\" \/>\n<meta property=\"og:url\" content=\"https:\/\/sharkfreeapp.com\/de\/sexta-feira-13-a-origem-da-lenda\/\" \/>\n<meta property=\"og:site_name\" content=\"Shark Free App\" \/>\n<meta property=\"article:published_time\" content=\"2023-11-07T12:27:45+00:00\" \/>\n<meta property=\"og:image\" content=\"https:\/\/sharkfreeapp.com\/wp-content\/uploads\/sites\/99\/2023\/11\/13-1.png\" \/>\n\t<meta property=\"og:image:width\" content=\"1200\" \/>\n\t<meta property=\"og:image:height\" content=\"800\" \/>\n\t<meta property=\"og:image:type\" content=\"image\/png\" \/>\n<meta name=\"twitter:card\" content=\"summary_large_image\" \/>\n<meta name=\"twitter:label1\" content=\"Est. reading time\" \/>\n\t<meta name=\"twitter:data1\" content=\"6 Minuten\" \/>\n<script type=\"application\/ld+json\" class=\"yoast-schema-graph\">{\"@context\":\"https:\/\/schema.org\",\"@graph\":[{\"@type\":\"Article\",\"@id\":\"https:\/\/sharkfreeapp.com\/sexta-feira-13-a-origem-da-lenda\/#article\",\"isPartOf\":{\"@id\":\"https:\/\/sharkfreeapp.com\/sexta-feira-13-a-origem-da-lenda\/\"},\"author\":{\"name\":\"\",\"@id\":\"\"},\"headline\":\"Sexta-feira 13: A hist\u00f3ria por tr\u00e1s das supersti\u00e7\u00f5es\",\"datePublished\":\"2023-11-07T12:27:45+00:00\",\"dateModified\":\"2023-11-07T12:27:45+00:00\",\"mainEntityOfPage\":{\"@id\":\"https:\/\/sharkfreeapp.com\/sexta-feira-13-a-origem-da-lenda\/\"},\"wordCount\":1091,\"commentCount\":0,\"publisher\":{\"@id\":\"https:\/\/sharkfreeapp.com\/#organization\"},\"image\":{\"@id\":\"https:\/\/sharkfreeapp.com\/sexta-feira-13-a-origem-da-lenda\/#primaryimage\"},\"thumbnailUrl\":\"https:\/\/sharkfreeapp.com\/wp-content\/uploads\/sites\/99\/2023\/11\/13-1.png\",\"articleSection\":[\"Curiosidades\"],\"inLanguage\":\"de-DE\",\"potentialAction\":[{\"@type\":\"CommentAction\",\"name\":\"Comment\",\"target\":[\"https:\/\/sharkfreeapp.com\/sexta-feira-13-a-origem-da-lenda\/#respond\"]}]},{\"@type\":\"WebPage\",\"@id\":\"https:\/\/sharkfreeapp.com\/sexta-feira-13-a-origem-da-lenda\/\",\"url\":\"https:\/\/sharkfreeapp.com\/sexta-feira-13-a-origem-da-lenda\/\",\"name\":\"Sexta-feira 13: A hist\u00f3ria por tr\u00e1s das supersti\u00e7\u00f5es - Shark Free App\",\"isPartOf\":{\"@id\":\"https:\/\/sharkfreeapp.com\/#website\"},\"primaryImageOfPage\":{\"@id\":\"https:\/\/sharkfreeapp.com\/sexta-feira-13-a-origem-da-lenda\/#primaryimage\"},\"image\":{\"@id\":\"https:\/\/sharkfreeapp.com\/sexta-feira-13-a-origem-da-lenda\/#primaryimage\"},\"thumbnailUrl\":\"https:\/\/sharkfreeapp.com\/wp-content\/uploads\/sites\/99\/2023\/11\/13-1.png\",\"datePublished\":\"2023-11-07T12:27:45+00:00\",\"dateModified\":\"2023-11-07T12:27:45+00:00\",\"description\":\"N\u00e3o se esque\u00e7a de acender as luzes e olhar debaixo da cama antes de ler este artigo. Nunca se sabe o que est\u00e1 por perto...\",\"breadcrumb\":{\"@id\":\"https:\/\/sharkfreeapp.com\/sexta-feira-13-a-origem-da-lenda\/#breadcrumb\"},\"inLanguage\":\"de-DE\",\"potentialAction\":[{\"@type\":\"ReadAction\",\"target\":[\"https:\/\/sharkfreeapp.com\/sexta-feira-13-a-origem-da-lenda\/\"]}]},{\"@type\":\"ImageObject\",\"inLanguage\":\"de-DE\",\"@id\":\"https:\/\/sharkfreeapp.com\/sexta-feira-13-a-origem-da-lenda\/#primaryimage\",\"url\":\"https:\/\/sharkfreeapp.com\/wp-content\/uploads\/sites\/99\/2023\/11\/13-1.png\",\"contentUrl\":\"https:\/\/sharkfreeapp.com\/wp-content\/uploads\/sites\/99\/2023\/11\/13-1.png\",\"width\":1200,\"height\":800,\"caption\":\"sexta-feira 13\"},{\"@type\":\"BreadcrumbList\",\"@id\":\"https:\/\/sharkfreeapp.com\/sexta-feira-13-a-origem-da-lenda\/#breadcrumb\",\"itemListElement\":[{\"@type\":\"ListItem\",\"position\":1,\"name\":\"Home\",\"item\":\"https:\/\/sharkfreeapp.com\/\"},{\"@type\":\"ListItem\",\"position\":2,\"name\":\"Sexta-feira 13: A hist\u00f3ria por tr\u00e1s das supersti\u00e7\u00f5es\"}]},{\"@type\":\"WebSite\",\"@id\":\"https:\/\/sharkfreeapp.com\/#website\",\"url\":\"https:\/\/sharkfreeapp.com\/\",\"name\":\"Shark Free App\",\"description\":\"\",\"publisher\":{\"@id\":\"https:\/\/sharkfreeapp.com\/#organization\"},\"potentialAction\":[{\"@type\":\"SearchAction\",\"target\":{\"@type\":\"EntryPoint\",\"urlTemplate\":\"https:\/\/sharkfreeapp.com\/?s={search_term_string}\"},\"query-input\":\"required name=search_term_string\"}],\"inLanguage\":\"de-DE\"},{\"@type\":\"Organization\",\"@id\":\"https:\/\/sharkfreeapp.com\/#organization\",\"name\":\"Shark Free App\",\"url\":\"https:\/\/sharkfreeapp.com\/\",\"logo\":{\"@type\":\"ImageObject\",\"inLanguage\":\"de-DE\",\"@id\":\"https:\/\/sharkfreeapp.com\/#\/schema\/logo\/image\/\",\"url\":\"https:\/\/sharkfreeapp.com\/wp-content\/uploads\/sites\/99\/2023\/10\/cropped-Shark-Free-App-Logo_600px.png\",\"contentUrl\":\"https:\/\/sharkfreeapp.com\/wp-content\/uploads\/sites\/99\/2023\/10\/cropped-Shark-Free-App-Logo_600px.png\",\"width\":600,\"height\":208,\"caption\":\"Shark Free App\"},\"image\":{\"@id\":\"https:\/\/sharkfreeapp.com\/#\/schema\/logo\/image\/\"}}]}<\/script>\n<!-- \/ Yoast SEO Premium plugin. -->","yoast_head_json":{"title":"Sexta-feira 13: A hist\u00f3ria por tr\u00e1s das supersti\u00e7\u00f5es - Shark Free App","description":"N\u00e3o se esque\u00e7a de acender as luzes e olhar debaixo da cama antes de ler este artigo. Nunca se sabe o que est\u00e1 por perto...","robots":{"index":"index","follow":"follow","max-snippet":"max-snippet:-1","max-image-preview":"max-image-preview:large","max-video-preview":"max-video-preview:-1"},"canonical":"https:\/\/sharkfreeapp.com\/de\/sexta-feira-13-a-origem-da-lenda\/","og_locale":"de_DE","og_type":"article","og_title":"Sexta-feira 13: A hist\u00f3ria por tr\u00e1s das supersti\u00e7\u00f5es","og_description":"N\u00e3o se esque\u00e7a de acender as luzes e olhar debaixo da cama antes de ler este artigo. Nunca se sabe o que est\u00e1 por perto...","og_url":"https:\/\/sharkfreeapp.com\/de\/sexta-feira-13-a-origem-da-lenda\/","og_site_name":"Shark Free App","article_published_time":"2023-11-07T12:27:45+00:00","og_image":[{"width":1200,"height":800,"url":"https:\/\/sharkfreeapp.com\/wp-content\/uploads\/sites\/99\/2023\/11\/13-1.png","type":"image\/png"}],"twitter_card":"summary_large_image","twitter_misc":{"Est. reading time":"6 Minuten"},"schema":{"@context":"https:\/\/schema.org","@graph":[{"@type":"Article","@id":"https:\/\/sharkfreeapp.com\/sexta-feira-13-a-origem-da-lenda\/#article","isPartOf":{"@id":"https:\/\/sharkfreeapp.com\/sexta-feira-13-a-origem-da-lenda\/"},"author":{"name":"","@id":""},"headline":"Sexta-feira 13: A hist\u00f3ria por tr\u00e1s das supersti\u00e7\u00f5es","datePublished":"2023-11-07T12:27:45+00:00","dateModified":"2023-11-07T12:27:45+00:00","mainEntityOfPage":{"@id":"https:\/\/sharkfreeapp.com\/sexta-feira-13-a-origem-da-lenda\/"},"wordCount":1091,"commentCount":0,"publisher":{"@id":"https:\/\/sharkfreeapp.com\/#organization"},"image":{"@id":"https:\/\/sharkfreeapp.com\/sexta-feira-13-a-origem-da-lenda\/#primaryimage"},"thumbnailUrl":"https:\/\/sharkfreeapp.com\/wp-content\/uploads\/sites\/99\/2023\/11\/13-1.png","articleSection":["Curiosidades"],"inLanguage":"de-DE","potentialAction":[{"@type":"CommentAction","name":"Comment","target":["https:\/\/sharkfreeapp.com\/sexta-feira-13-a-origem-da-lenda\/#respond"]}]},{"@type":"WebPage","@id":"https:\/\/sharkfreeapp.com\/sexta-feira-13-a-origem-da-lenda\/","url":"https:\/\/sharkfreeapp.com\/sexta-feira-13-a-origem-da-lenda\/","name":"Sexta-feira 13: A hist\u00f3ria por tr\u00e1s das supersti\u00e7\u00f5es - Shark Free App","isPartOf":{"@id":"https:\/\/sharkfreeapp.com\/#website"},"primaryImageOfPage":{"@id":"https:\/\/sharkfreeapp.com\/sexta-feira-13-a-origem-da-lenda\/#primaryimage"},"image":{"@id":"https:\/\/sharkfreeapp.com\/sexta-feira-13-a-origem-da-lenda\/#primaryimage"},"thumbnailUrl":"https:\/\/sharkfreeapp.com\/wp-content\/uploads\/sites\/99\/2023\/11\/13-1.png","datePublished":"2023-11-07T12:27:45+00:00","dateModified":"2023-11-07T12:27:45+00:00","description":"N\u00e3o se esque\u00e7a de acender as luzes e olhar debaixo da cama antes de ler este artigo. Nunca se sabe o que est\u00e1 por perto...","breadcrumb":{"@id":"https:\/\/sharkfreeapp.com\/sexta-feira-13-a-origem-da-lenda\/#breadcrumb"},"inLanguage":"de-DE","potentialAction":[{"@type":"ReadAction","target":["https:\/\/sharkfreeapp.com\/sexta-feira-13-a-origem-da-lenda\/"]}]},{"@type":"ImageObject","inLanguage":"de-DE","@id":"https:\/\/sharkfreeapp.com\/sexta-feira-13-a-origem-da-lenda\/#primaryimage","url":"https:\/\/sharkfreeapp.com\/wp-content\/uploads\/sites\/99\/2023\/11\/13-1.png","contentUrl":"https:\/\/sharkfreeapp.com\/wp-content\/uploads\/sites\/99\/2023\/11\/13-1.png","width":1200,"height":800,"caption":"sexta-feira 13"},{"@type":"BreadcrumbList","@id":"https:\/\/sharkfreeapp.com\/sexta-feira-13-a-origem-da-lenda\/#breadcrumb","itemListElement":[{"@type":"ListItem","position":1,"name":"Home","item":"https:\/\/sharkfreeapp.com\/"},{"@type":"ListItem","position":2,"name":"Sexta-feira 13: A hist\u00f3ria por tr\u00e1s das supersti\u00e7\u00f5es"}]},{"@type":"WebSite","@id":"https:\/\/sharkfreeapp.com\/#website","url":"https:\/\/sharkfreeapp.com\/","name":"Shark Free App","description":"","publisher":{"@id":"https:\/\/sharkfreeapp.com\/#organization"},"potentialAction":[{"@type":"SearchAction","target":{"@type":"EntryPoint","urlTemplate":"https:\/\/sharkfreeapp.com\/?s={search_term_string}"},"query-input":"required name=search_term_string"}],"inLanguage":"de-DE"},{"@type":"Organization","@id":"https:\/\/sharkfreeapp.com\/#organization","name":"Shark Free App","url":"https:\/\/sharkfreeapp.com\/","logo":{"@type":"ImageObject","inLanguage":"de-DE","@id":"https:\/\/sharkfreeapp.com\/#\/schema\/logo\/image\/","url":"https:\/\/sharkfreeapp.com\/wp-content\/uploads\/sites\/99\/2023\/10\/cropped-Shark-Free-App-Logo_600px.png","contentUrl":"https:\/\/sharkfreeapp.com\/wp-content\/uploads\/sites\/99\/2023\/10\/cropped-Shark-Free-App-Logo_600px.png","width":600,"height":208,"caption":"Shark Free App"},"image":{"@id":"https:\/\/sharkfreeapp.com\/#\/schema\/logo\/image\/"}}]}},"uagb_featured_image_src":{"full":["https:\/\/sharkfreeapp.com\/wp-content\/uploads\/sites\/99\/2023\/11\/13-1.png",1200,800,false],"thumbnail":["https:\/\/sharkfreeapp.com\/wp-content\/uploads\/sites\/99\/2023\/11\/13-1-150x150.png",150,150,true],"medium":["https:\/\/sharkfreeapp.com\/wp-content\/uploads\/sites\/99\/2023\/11\/13-1-300x200.png",300,200,true],"medium_large":["https:\/\/sharkfreeapp.com\/wp-content\/uploads\/sites\/99\/2023\/11\/13-1-768x512.png",768,512,true],"large":["https:\/\/sharkfreeapp.com\/wp-content\/uploads\/sites\/99\/2023\/11\/13-1-1024x683.png",1024,683,true],"1536x1536":["https:\/\/sharkfreeapp.com\/wp-content\/uploads\/sites\/99\/2023\/11\/13-1.png",1200,800,false],"2048x2048":["https:\/\/sharkfreeapp.com\/wp-content\/uploads\/sites\/99\/2023\/11\/13-1.png",1200,800,false],"trp-custom-language-flag":["https:\/\/sharkfreeapp.com\/wp-content\/uploads\/sites\/99\/2023\/11\/13-1.png",18,12,false]},"uagb_author_info":{"display_name":"","author_link":"https:\/\/sharkfreeapp.com\/de\/author\/"},"uagb_comment_info":0,"uagb_excerpt":"Apesar de a imagem em destaque deste artigo ilustrar uma releitura sat\u00edrica do famoso vil\u00e3o Jason Voorhees, personagem principal da [&hellip;]","_links":{"self":[{"href":"https:\/\/sharkfreeapp.com\/de\/wp-json\/wp\/v2\/posts\/24921"}],"collection":[{"href":"https:\/\/sharkfreeapp.com\/de\/wp-json\/wp\/v2\/posts"}],"about":[{"href":"https:\/\/sharkfreeapp.com\/de\/wp-json\/wp\/v2\/types\/post"}],"replies":[{"embeddable":true,"href":"https:\/\/sharkfreeapp.com\/de\/wp-json\/wp\/v2\/comments?post=24921"}],"version-history":[{"count":0,"href":"https:\/\/sharkfreeapp.com\/de\/wp-json\/wp\/v2\/posts\/24921\/revisions"}],"wp:featuredmedia":[{"embeddable":true,"href":"https:\/\/sharkfreeapp.com\/de\/wp-json\/wp\/v2\/media\/24925"}],"wp:attachment":[{"href":"https:\/\/sharkfreeapp.com\/de\/wp-json\/wp\/v2\/media?parent=24921"}],"wp:term":[{"taxonomy":"category","embeddable":true,"href":"https:\/\/sharkfreeapp.com\/de\/wp-json\/wp\/v2\/categories?post=24921"},{"taxonomy":"post_tag","embeddable":true,"href":"https:\/\/sharkfreeapp.com\/de\/wp-json\/wp\/v2\/tags?post=24921"}],"curies":[{"name":"wp","href":"https:\/\/api.w.org\/{rel}","templated":true}]}}